{"id":5073,"date":"2025-10-09T14:01:16","date_gmt":"2025-10-09T07:01:16","guid":{"rendered":"https:\/\/conshochiminh.esteri.it\/news\/dal_consolato\/2025\/10\/xxv-settimana-della-lingua-italiana-nel-mondo-a-ho-chi-minh-city-13-19-ottobre-2025-italofonia-la-lingua-italiana-oltre-i-confini\/"},"modified":"2025-10-09T14:16:59","modified_gmt":"2025-10-09T07:16:59","slug":"xxv-settimana-della-lingua-italiana-nel-mondo-a-ho-chi-minh-city-13-19-ottobre-2025-italofonia-la-lingua-italiana-oltre-i-confini","status":"publish","type":"post","link":"https:\/\/conshochiminh.esteri.it\/vi\/news\/dal_consolato\/2025\/10\/xxv-settimana-della-lingua-italiana-nel-mondo-a-ho-chi-minh-city-13-19-ottobre-2025-italofonia-la-lingua-italiana-oltre-i-confini\/","title":{"rendered":"Tu\u1ea7n l\u1ec5 ti\u1ebfng \u00dd tr\u00ean th\u1ebf gi\u1edbi l\u1ea7n th\u1ee9 XXV t\u1ea1i TP. H\u1ed3 Ch\u00ed Minh, 13\u201319 th\u00e1ng 10 n\u0103m 2025 &#8220;Italofonia: ti\u1ebfng \u00dd v\u01b0\u1ee3t qua bi\u00ean gi\u1edbi&#8221;"},"content":{"rendered":"<p>T\u1eeb ng\u00e0y 13 \u0111\u1ebfn 19 th\u00e1ng 10 n\u0103m 2025, T\u1ed5ng L\u00e3nh s\u1ef1 qu\u00e1n \u00dd t\u1ea1i TP. H\u1ed3 Ch\u00ed Minh t\u1ed5 ch\u1ee9c Tu\u1ea7n l\u1ec5 ti\u1ebfng \u00dd tr\u00ean th\u1ebf gi\u1edbi l\u1ea7n th\u1ee9 25, v\u1edbi ch\u1ee7 \u0111\u1ec1 \u201cItalofonia: ti\u1ebfng \u00dd v\u01b0\u1ee3t qua bi\u00ean gi\u1edbi\u201d.<br \/>\nS\u1ef1 ki\u1ec7n di\u1ec5n ra d\u01b0\u1edbi s\u1ef1 b\u1ea3o tr\u1ee3 c\u1ee7a T\u1ed5ng th\u1ed1ng C\u1ed9ng h\u00f2a \u00dd, k\u00e8m v\u1edbi \u0111\u00f3 l\u00e0 m\u1ed9t ch\u01b0\u01a1ng tr\u00ecnh phong ph\u00fa g\u1ed3m c\u00e1c ho\u1ea1t \u0111\u1ed9ng v\u0103n h\u00f3a v\u00e0 h\u1ecdc thu\u1eadt, kh\u00e1m ph\u00e1 vai tr\u00f2 c\u1ee7a ti\u1ebfng \u00dd nh\u01b0 m\u1ed9t c\u00e2y c\u1ea7u k\u1ebft n\u1ed1i ngh\u1ec7 thu\u1eadt v\u00e0 tri th\u1ee9c gi\u1eefa c\u00e1c d\u00e2n t\u1ed9c, v\u1edbi s\u1ef1 tham gia c\u1ee7a c\u00e1c tr\u01b0\u1eddng \u0111\u1ea1i h\u1ecdc, t\u1ed5 ch\u1ee9c \u0111\u1ecba ph\u01b0\u01a1ng v\u00e0 sinh vi\u00ean Vi\u1ec7t Nam.<\/p>\n<p>Ch\u01b0\u01a1ng tr\u00ecnh chi ti\u1ebft:<\/p>\n<p>Ng\u00e0y 13\/10 \u2013 T\u1ed5ng L\u00e3nh s\u1ef1 qu\u00e1n \u00dd, TP.HCM<br \/>\nL\u1ec5 khai m\u1ea1c v\u1edbi s\u1ef1 tham d\u1ef1 c\u1ee7a B\u00e0 T\u1ed5ng L\u00e3nh s\u1ef1 Alessandra Tognonato, ti\u1ebfp theo l\u00e0 bu\u1ed5i chi\u1ebfu c\u00e1c phim ng\u1eafn &#8220;D\u1ecbch thu\u1eadt \u00dd: H\u00e0nh tr\u00ecnh kh\u00e1m ph\u00e1 \u0111i\u1ec7n \u1ea3nh&#8221;, do GS. Nguy\u1ec5n Th\u1ecb Ng\u1ecdc H\u1ea1nh, GS. Cinzia Grieco v\u00e0 c\u00e1c sinh vi\u00ean ng\u00e0nh Ng\u1eef v\u0103n \u00dd, Tr\u01b0\u1eddng \u0110\u1ea1i h\u1ecdc Khoa h\u1ecdc X\u00e3 h\u1ed9i v\u00e0 Nh\u00e2n v\u0103n (USSH) th\u1ef1c hi\u1ec7n.<\/p>\n<p>Ng\u00e0y 14\/10 \u2013 B\u1ea3o t\u00e0ng Quang San<br \/>\n\u0110\u1ed1i tho\u1ea1i ngh\u1ec7 thu\u1eadt v\u1edbi ch\u1ee7 \u0111\u1ec1 \u201cNgh\u1ec7 thu\u1eadt k\u1ebft n\u1ed1i: g\u00f3c nh\u00ecn v\u00e0 v\u0103n h\u00f3a trong \u0111\u1ed1i tho\u1ea1i\u201d, v\u1edbi s\u1ef1 tham gia c\u1ee7a gi\u1ea3ng vi\u00ean v\u00e0 sinh vi\u00ean Vi\u1ec7t Nam.<\/p>\n<p>T\u1eeb 15\u201318\/10 \u2013 USSH, C\u01a1 s\u1edf Th\u1ee7 \u0110\u1ee9c<br \/>\nChu\u1ed7i h\u1ed9i th\u1ea3o v\u00e0 l\u1edbp h\u1ecdc chuy\u00ean \u0111\u1ec1, g\u1ed3m:<br \/>\n* 15\/10 \u2013 S\u1ef1 h\u00f2a quy\u1ec7n gi\u1eefa ng\u00f4n ng\u1eef v\u00e0 h\u01b0\u01a1ng v\u1ecb: ti\u1ebfng \u00dd trong \u1ea9m th\u1ef1c<br \/>\n* 16\/10 \u2013 V\u0103n h\u1ecdc v\u00e0 b\u00e1o ch\u00ed: Terzani v\u00e0 Busi vi\u1ebft v\u1ec1 Vi\u1ec7t Nam, c\u00f9ng Dario Busi v\u00e0 sinh vi\u00ean ng\u00e0nh Ng\u1eef v\u0103n \u00dd<br \/>\n* 17\/10 \u2013 Giao ti\u1ebfp li\u00ean v\u0103n h\u00f3a: t\u1eeb ng\u1eef v\u00e0 k\u00fd hi\u1ec7u \u00dd \u1edf n\u01b0\u1edbc ngo\u00e0i, v\u1edbi GS. Simone Casini<br \/>\n* 18\/10 \u2013 Tri\u1ec3n l\u00e3m \u1ea3nh \u201cH\u01a1i th\u1edf h\u00f2a c\u00f9ng Ti\u1ebfng \u00dd : d\u1ea5u v\u1ebft ng\u00f4n ng\u1eef trong \u0111\u1eddi s\u1ed1ng Vi\u1ec7t\u201d, v\u1edbi s\u1ef1 \u0111\u00f3ng g\u00f3p t\u1eeb sinh vi\u00ean<\/p>\n<p>Ng\u00e0y 18\/10 \u2013 \u0110\u1ea1i h\u1ecdc Duy T\u00e2n, \u0110\u00e0 N\u1eb5ng<br \/>\n\u201cItalian Days on Higher Education\u201d \u2013 H\u1ed9i ch\u1ee3 gi\u00e1o d\u1ee5c th\u01b0\u1eddng ni\u00ean gi\u1edbi thi\u1ec7u ch\u01b0\u01a1ng tr\u00ecnh \u0111\u00e0o t\u1ea1o \u0111\u1ea1i h\u1ecdc c\u1ee7a \u00dd<\/p>\n<p>Ng\u00e0y 19\/10 \u2013 USSH, c\u01a1 s\u1edf ch\u00ednh<br \/>\nTi\u1ebfp t\u1ee5c h\u1ed9i ch\u1ee3 Italian Days on Higher Education v\u00e0 l\u1ec5 b\u1ebf m\u1ea1c, v\u1edbi s\u1ef1 hi\u1ec7n di\u1ec7n c\u1ee7a T\u1ed5ng L\u00e3nh s\u1ef1 Alessandra Tognonato.<\/p>\n<p>\u00dd ngh\u0129a s\u1ef1 ki\u1ec7n:<br \/>\nTu\u1ea7n l\u1ec5 ti\u1ebfng \u00dd tr\u00ean th\u1ebf gi\u1edbi l\u00e0 m\u1ed9t d\u1ecbp \u0111\u1eb7c bi\u1ec7t \u0111\u1ec3 t\u00f4n vinh vi\u1ec7c ph\u1ed5 bi\u1ebfn ng\u00f4n ng\u1eef \u00dd v\u00e0 vai tr\u00f2 c\u1ee7a n\u00f3 trong vi\u1ec7c x\u00e2y d\u1ef1ng c\u00e1c m\u1ed1i li\u00ean k\u1ebft v\u0103n h\u00f3a, ngh\u1ec7 thu\u1eadt v\u00e0 h\u1ecdc thu\u1eadt.<br \/>\nPhi\u00ean b\u1ea3n 2025 t\u1ea1i TP. H\u1ed3 Ch\u00ed Minh t\u00e1i kh\u1eb3ng \u0111\u1ecbnh cam k\u1ebft c\u1ee7a T\u1ed5ng L\u00e3nh s\u1ef1 qu\u00e1n \u00dd v\u00e0 c\u00e1c \u0111\u1ed1i t\u00e1c Vi\u1ec7t Nam trong vi\u1ec7c th\u00fac \u0111\u1ea9y \u0111\u1ed1i tho\u1ea1i li\u00ean v\u0103n h\u00f3a v\u00e0 g\u1eafn k\u1ebft s\u00e2u s\u1eafc h\u01a1n gi\u1eefa c\u1ed9ng \u0111\u1ed3ng \u00dd v\u00e0 Vi\u1ec7t Nam.<\/p>\n<p>\ud83d\udcf2 Th\u00f4ng tin chi ti\u1ebft v\u00e0 theo d\u00f5i s\u1ef1 ki\u1ec7n:<br \/>\n* Trang web: \ud83c\udf10 conshochiminh.esteri.it<br \/>\n* Facebook: Italy in Ho Chi Minh City<br \/>\n* Instagram: @italyinhcmc<br \/>\n* Twitter (X): @ItalyinHCMC<\/p>\n","protected":false},"excerpt":{"rendered":"T\u1eeb ng\u00e0y 13 \u0111\u1ebfn 19 th\u00e1ng 10 n\u0103m 2025, T\u1ed5ng L\u00e3nh s\u1ef1 qu\u00e1n \u00dd t\u1ea1i TP. H\u1ed3 Ch\u00ed Minh t\u1ed5 ch\u1ee9c Tu\u1ea7n l\u1ec5 ti\u1ebfng \u00dd tr\u00ean th\u1ebf gi\u1edbi l\u1ea7n th\u1ee9 25, v\u1edbi ch\u1ee7 \u0111\u1ec1 \u201cItalofonia: ti\u1ebfng \u00dd v\u01b0\u1ee3t qua bi\u00ean gi\u1edbi\u201d. S\u1ef1 ki\u1ec7n di\u1ec5n ra d\u01b0\u1edbi s\u1ef1 b\u1ea3o tr\u1ee3 c\u1ee7a T\u1ed5ng th\u1ed1ng C\u1ed9ng h\u00f2a \u00dd, [&hellip;]","protected":false},"author":14,"featured_media":5055,"comment_status":"closed","ping_status":"closed","sticky":false,"template":"","format":"standard","meta":{"footnotes":""},"tags":[12],"class_list":["post-5073","post","type-post","status-publish","format-standard","has-post-thumbnail","hentry","tag-diplomazia-culturale"],"_links":{"self":[{"href":"https:\/\/conshochiminh.esteri.it\/vi\/wp-json\/wp\/v2\/posts\/5073","targetHints":{"allow":["GET"]}}],"collection":[{"href":"https:\/\/conshochiminh.esteri.it\/vi\/wp-json\/wp\/v2\/posts"}],"about":[{"href":"https:\/\/conshochiminh.esteri.it\/vi\/wp-json\/wp\/v2\/types\/post"}],"author":[{"embeddable":true,"href":"https:\/\/conshochiminh.esteri.it\/vi\/wp-json\/wp\/v2\/users\/14"}],"replies":[{"embeddable":true,"href":"https:\/\/conshochiminh.esteri.it\/vi\/wp-json\/wp\/v2\/comments?post=5073"}],"version-history":[{"count":1,"href":"https:\/\/conshochiminh.esteri.it\/vi\/wp-json\/wp\/v2\/posts\/5073\/revisions"}],"predecessor-version":[{"id":5082,"href":"https:\/\/conshochiminh.esteri.it\/vi\/wp-json\/wp\/v2\/posts\/5073\/revisions\/5082"}],"wp:featuredmedia":[{"embeddable":true,"href":"https:\/\/conshochiminh.esteri.it\/vi\/wp-json\/wp\/v2\/media\/5055"}],"wp:attachment":[{"href":"https:\/\/conshochiminh.esteri.it\/vi\/wp-json\/wp\/v2\/media?parent=5073"}],"wp:term":[{"taxonomy":"post_tag","embeddable":true,"href":"https:\/\/conshochiminh.esteri.it\/vi\/wp-json\/wp\/v2\/tags?post=5073"}],"curies":[{"name":"wp","href":"https:\/\/api.w.org\/{rel}","templated":true}]}}