{"id":4961,"date":"2025-10-07T09:07:15","date_gmt":"2025-10-07T02:07:15","guid":{"rendered":"https:\/\/conshochiminh.esteri.it\/?p=4961"},"modified":"2025-10-08T16:40:38","modified_gmt":"2025-10-08T09:40:38","slug":"ngay-nghe-thuat-duong-dai-2025","status":"publish","type":"post","link":"https:\/\/conshochiminh.esteri.it\/vi\/news\/dal_consolato\/2025\/10\/ngay-nghe-thuat-duong-dai-2025\/","title":{"rendered":"Ng\u00e0y Ngh\u1ec7 Thu\u1eadt \u0110\u01b0\u01a1ng \u0110\u1ea1i 2025"},"content":{"rendered":"<p><img loading=\"lazy\" decoding=\"async\" class=\"aligncenter size-large wp-image-4937 img-fluid\" src=\"https:\/\/conshochiminh.esteri.it\/wp-content\/uploads\/2025\/10\/locandina-776x1024.jpg\" alt=\"\" width=\"640\" height=\"845\" srcset=\"https:\/\/conshochiminh.esteri.it\/wp-content\/uploads\/2025\/10\/locandina-776x1024.jpg 776w, https:\/\/conshochiminh.esteri.it\/wp-content\/uploads\/2025\/10\/locandina-227x300.jpg 227w, https:\/\/conshochiminh.esteri.it\/wp-content\/uploads\/2025\/10\/locandina-768x1013.jpg 768w, https:\/\/conshochiminh.esteri.it\/wp-content\/uploads\/2025\/10\/locandina.jpg 970w\" sizes=\"auto, (max-width: 640px) 100vw, 640px\" \/><\/p>\n<p>T\u1ed5ng L\u00e3nh s\u1ef1 qu\u00e1n \u00dd t\u1ea1i Th\u00e0nh ph\u1ed1 H\u1ed3 Ch\u00ed Minh \u0111\u00e3 t\u1ed5 ch\u1ee9c k\u1ef7 ni\u1ec7m Ng\u00e0y Ngh\u1ec7 Thu\u1eadt \u0110\u01b0\u01a1ng \u0110\u1ea1i 2025, m\u1ed9t trong nh\u1eefng s\u1ef1 ki\u1ec7n th\u01b0\u1eddng ni\u00ean quan tr\u1ecdng nh\u1eb1m qu\u1ea3ng b\u00e1 v\u00e0 t\u00f4n vinh ngh\u1ec7 thu\u1eadt \u0111\u01b0\u01a1ng \u0111\u1ea1i c\u1ee7a \u00dd t\u1ea1i ch\u00ednh qu\u1ed1c gia m\u1ec7nh danh Bel Paese v\u00e0 tr\u00ean to\u00e0n th\u1ebf gi\u1edbi.<\/p>\n<p>T\u1ed5ng L\u00e3nh s\u1ef1 qu\u00e1n\u00a0 \u0111\u00e3 ph\u1ed1i h\u1ee3p c\u00f9ng GS. Nguy\u1ec5n Th\u1ecb Ng\u1ecdc H\u1ea1nh v\u00e0 sinh vi\u00ean B\u1ed9 m\u00f4n Ng\u1eef v\u0103n \u00dd \u2013 Tr\u01b0\u1eddng \u0110\u1ea1i h\u1ecdc Khoa h\u1ecdc X\u00e3 h\u1ed9i v\u00e0 Nh\u00e2n v\u0103n TP.HCM (USSH) nh\u1eb1m t\u1ea1o n\u00ean m\u1ed9t chuy\u1ebfn tham quan tr\u1ef1c tuy\u1ebfn \u0111\u1ebfn B\u1ea3o t\u00e0ng Novecento \u1edf Milan.<\/p>\n<p>C\u1ea3 sinh vi\u00ean v\u00e0 ng\u01b0\u1eddi tham d\u1ef1 \u0111\u1ec1u c\u00f3 \u0111\u01b0\u1ee3c c\u01a1 h\u1ed9i tr\u1ea3i nghi\u1ec7m m\u1ed9t h\u00e0nh tr\u00ecnh ngh\u1ec7 thu\u1eadt v\u00e0 v\u0103n h\u00f3a \u00dd \u0111\u1ea7y s\u1ed1ng \u0111\u1ed9ng t\u1eeb c\u00e1c ph\u00f2ng tr\u01b0ng b\u00e0y d\u00e0nh ri\u00eang cho Tr\u01b0\u1eddng ph\u00e1i V\u1ecb lai \u2013 v\u1edbi ki\u1ec7t t\u00e1c c\u1ee7a Umberto Boccioni nh\u01b0 \u0110\u00e0n h\u1ed3i, C\u01a1 th\u1ec3 con ng\u01b0\u1eddi v\u00e0 Qu\u00fd b\u00e0 Virginia \u2013 \u0111\u1ebfn Ch\u1ee7 ngh\u0129a Kh\u00f4ng gian c\u1ee7a Lucio Fontana, v\u1edbi c\u00e1c t\u00e1c ph\u1ea9m n\u1ed5i ti\u1ebfng nh\u01b0 Tr\u1ea7n Kh\u00f4ng gian, C\u1ea5u tr\u00fac \u0110\u00e8n Neon c\u00f9ng nh\u1eefng \u201c\u0111\u01b0\u1eddng c\u1eaft\u201d \u0111\u1eb7c tr\u01b0ng,<\/p>\n<p>S\u00e1ng ki\u1ebfn n\u00e0y mang \u0111\u1ebfn s\u1ef1 kh\u00e1m ph\u00e1 tr\u1ef1c ti\u1ebfp t\u00ednh n\u0103ng \u0111\u1ed9ng v\u00e0 \u0111\u1ed5i m\u1edbi c\u1ee7a c\u00e1c v\u1ecb \u0111\u01b0\u1ee3c v\u00ed nh\u01b0 b\u1eadc th\u1ea7y th\u1ebf k\u1ef7 XX \u0111\u1ec3 \u0111\u1ea1i ch\u00fang v\u1eabn c\u1ea3m nh\u1eadn \u0111\u01b0\u1ee3c b\u1ea3n th\u00e2n l\u00e0 m\u1ed9t ph\u1ea7n c\u1ee7a v\u0103n h\u00f3a \u00dd \u0111\u01b0\u01a1ng \u0111\u1ea1i d\u00f9 c\u00e1ch xa mu\u00f4n tr\u00f9ng.<\/p>\n","protected":false},"excerpt":{"rendered":"T\u1ed5ng L\u00e3nh s\u1ef1 qu\u00e1n \u00dd t\u1ea1i Th\u00e0nh ph\u1ed1 H\u1ed3 Ch\u00ed Minh \u0111\u00e3 t\u1ed5 ch\u1ee9c k\u1ef7 ni\u1ec7m Ng\u00e0y Ngh\u1ec7 Thu\u1eadt \u0110\u01b0\u01a1ng \u0110\u1ea1i 2025, m\u1ed9t trong nh\u1eefng s\u1ef1 ki\u1ec7n th\u01b0\u1eddng ni\u00ean quan tr\u1ecdng nh\u1eb1m qu\u1ea3ng b\u00e1 v\u00e0 t\u00f4n vinh ngh\u1ec7 thu\u1eadt \u0111\u01b0\u01a1ng \u0111\u1ea1i c\u1ee7a \u00dd t\u1ea1i ch\u00ednh qu\u1ed1c gia m\u1ec7nh danh Bel Paese v\u00e0 tr\u00ean to\u00e0n th\u1ebf [&hellip;]","protected":false},"author":14,"featured_media":0,"comment_status":"closed","ping_status":"closed","sticky":false,"template":"","format":"standard","meta":{"footnotes":""},"tags":[12],"class_list":["post-4961","post","type-post","status-publish","format-standard","hentry","tag-diplomazia-culturale"],"_links":{"self":[{"href":"https:\/\/conshochiminh.esteri.it\/vi\/wp-json\/wp\/v2\/posts\/4961","targetHints":{"allow":["GET"]}}],"collection":[{"href":"https:\/\/conshochiminh.esteri.it\/vi\/wp-json\/wp\/v2\/posts"}],"about":[{"href":"https:\/\/conshochiminh.esteri.it\/vi\/wp-json\/wp\/v2\/types\/post"}],"author":[{"embeddable":true,"href":"https:\/\/conshochiminh.esteri.it\/vi\/wp-json\/wp\/v2\/users\/14"}],"replies":[{"embeddable":true,"href":"https:\/\/conshochiminh.esteri.it\/vi\/wp-json\/wp\/v2\/comments?post=4961"}],"version-history":[{"count":4,"href":"https:\/\/conshochiminh.esteri.it\/vi\/wp-json\/wp\/v2\/posts\/4961\/revisions"}],"predecessor-version":[{"id":5021,"href":"https:\/\/conshochiminh.esteri.it\/vi\/wp-json\/wp\/v2\/posts\/4961\/revisions\/5021"}],"wp:attachment":[{"href":"https:\/\/conshochiminh.esteri.it\/vi\/wp-json\/wp\/v2\/media?parent=4961"}],"wp:term":[{"taxonomy":"post_tag","embeddable":true,"href":"https:\/\/conshochiminh.esteri.it\/vi\/wp-json\/wp\/v2\/tags?post=4961"}],"curies":[{"name":"wp","href":"https:\/\/api.w.org\/{rel}","templated":true}]}}